{"id":586,"date":"2018-10-28T09:38:08","date_gmt":"2018-10-28T08:38:08","guid":{"rendered":"http:\/\/petra-bartoli.de\/?p=586"},"modified":"2018-08-21T12:07:25","modified_gmt":"2018-08-21T10:07:25","slug":"vielen-dank-euch-allen-2","status":"publish","type":"post","link":"https:\/\/petra-bartoli.de\/index.php\/vielen-dank-euch-allen-2\/","title":{"rendered":"Vielen Dank Euch allen!"},"content":{"rendered":"<p>Meine Spendenaktion zu meinem 10-j\u00e4hrigen Autorinnen-Jubil\u00e4um geht zu Ende. Wer noch mitmachen will, kann das noch drei Tage lang auf meiner Spendenseite:<\/p>\n<p><a href=\"https:\/\/www.meine-spendenaktion.de\/aktion\/erfolgsgeschichten-bartoli10\">https:\/\/www.meine-spendenaktion.de\/aktion\/erfolgsgeschichten-bartoli10<\/a><\/p>\n<p>Jetzt schon m\u00f6chte ich mich bei allen ganz herzlich bedanken, die meine Idee, etwas an Menschen weiterzugeben, denen es nicht so gut geht, unterst\u00fctzt haben! Gemeinsam konnten und k\u00f6nnen wir die Welt ver\u00e4ndern. Davon bin ich \u00fcberzeugt. Sicherlich wird es nicht bei dieser Aktion anl\u00e4sslich meines Autorinnen-Jubil\u00e4ums bleiben. Als Autorin und als Mensch bleibe ich dran an der guten Sache. Ich w\u00fcrde mich freuen, Euch auch weiterhin dazu an meiner Seite zu haben!<\/p>\n","protected":false},"excerpt":{"rendered":"<p>Meine Spendenaktion zu meinem 10-j\u00e4hrigen Autorinnen-Jubil\u00e4um geht zu Ende. Wer noch mitmachen will, kann das noch drei Tage lang auf meiner Spendenseite: https:\/\/www.meine-spendenaktion.de\/aktion\/erfolgsgeschichten-bartoli10 Jetzt schon m\u00f6chte ich mich bei allen ganz herzlich bedanken, die meine Idee, etwas an Menschen weiterzugeben, denen es nicht so gut geht, unterst\u00fctzt haben! Gemeinsam konnten und k\u00f6nnen wir die Welt [&hellip;]<\/p>\n","protected":false},"author":1,"featured_media":490,"comment_status":"closed","ping_status":"closed","sticky":false,"template":"","format":"standard","meta":{"footnotes":""},"categories":[6,7],"tags":[],"class_list":["post-586","post","type-post","status-publish","format-standard","has-post-thumbnail","hentry","category-10-jahre-petra-bartoli-y-eckert","category-sos-kinderdoerfer"],"_links":{"self":[{"href":"https:\/\/petra-bartoli.de\/index.php\/wp-json\/wp\/v2\/posts\/586","targetHints":{"allow":["GET"]}}],"collection":[{"href":"https:\/\/petra-bartoli.de\/index.php\/wp-json\/wp\/v2\/posts"}],"about":[{"href":"https:\/\/petra-bartoli.de\/index.php\/wp-json\/wp\/v2\/types\/post"}],"author":[{"embeddable":true,"href":"https:\/\/petra-bartoli.de\/index.php\/wp-json\/wp\/v2\/users\/1"}],"replies":[{"embeddable":true,"href":"https:\/\/petra-bartoli.de\/index.php\/wp-json\/wp\/v2\/comments?post=586"}],"version-history":[{"count":3,"href":"https:\/\/petra-bartoli.de\/index.php\/wp-json\/wp\/v2\/posts\/586\/revisions"}],"predecessor-version":[{"id":692,"href":"https:\/\/petra-bartoli.de\/index.php\/wp-json\/wp\/v2\/posts\/586\/revisions\/692"}],"wp:featuredmedia":[{"embeddable":true,"href":"https:\/\/petra-bartoli.de\/index.php\/wp-json\/wp\/v2\/media\/490"}],"wp:attachment":[{"href":"https:\/\/petra-bartoli.de\/index.php\/wp-json\/wp\/v2\/media?parent=586"}],"wp:term":[{"taxonomy":"category","embeddable":true,"href":"https:\/\/petra-bartoli.de\/index.php\/wp-json\/wp\/v2\/categories?post=586"},{"taxonomy":"post_tag","embeddable":true,"href":"https:\/\/petra-bartoli.de\/index.php\/wp-json\/wp\/v2\/tags?post=586"}],"curies":[{"name":"wp","href":"https:\/\/api.w.org\/{rel}","templated":true}]}}