{"id":577,"date":"2018-10-18T12:33:22","date_gmt":"2018-10-18T10:33:22","guid":{"rendered":"http:\/\/petra-bartoli.de\/?p=577"},"modified":"2018-08-21T15:43:05","modified_gmt":"2018-08-21T13:43:05","slug":"raeder-fuer-die-muetter","status":"publish","type":"post","link":"https:\/\/petra-bartoli.de\/index.php\/raeder-fuer-die-muetter\/","title":{"rendered":"R\u00e4der f\u00fcr die M\u00fctter"},"content":{"rendered":"<p>Gutes tun \u2013 aber wie? Das war die Frage, die mich schon w\u00e4hrend meiner Reise 2012 nach Mosambik besch\u00e4ftigte. Damals durfte ich als Preistr\u00e4gerin des SOS-Kinderliteraturpreises in das Land im s\u00fcdlichen Afrika reisen. Die Organisation &#8220;<a href=\"https:\/\/www.sos-kinderdoerfer.de\/unsere-arbeit\/wo-wir-helfen\/afrika\/mosambik\">SOS Kinderd\u00f6rfer weltweit<\/a>&#8221; hat dort nicht nur Kinderd\u00f6rfer errichtet, in denen Kinder ein neues Zuhause finden, wenn ihre Eltern entweder verstorben sind oder sich nicht um die Kinder k\u00fcmmern k\u00f6nnen. Sie treibt auch viele andere Projekte im Land voran, um die Not vor Ort zu lindern und die Situation f\u00fcr Kinder im Land nachhaltig zu verbessern. Damals hatte ich vor meiner Reise einige Spenden von mir selbst, von Familienmitglieder und Freunden im Gep\u00e4ck. Aber das Geld einfach so zu \u00fcbergeben, erschien mir irgendwie unpassend. Darum habe ich mich an Fidelis, den damaligen Spendenbeauftragten bei SOS-Kinderd\u00f6rfer in Mosambik und immer noch lieben Freund, gewandt. Wir sprachen gemeinsam verschiedene Verwendungszwecke f\u00fcr die Spenden durch. Und das ist daraus geworden: F\u00fcr 1000 Euro wurden zehn Fahrr\u00e4der f\u00fcr die SOS-Kinderdorf-M\u00fctter angeschafft. Ich wurde selbstverst\u00e4ndlich nach meiner R\u00fcckkehr dar\u00fcber auf dem Laufenden gehalten, wei\u00df, wie viel Spa\u00df den M\u00fcttern das Fahrradfahren-Lernen gemacht hat und wie n\u00fctzlich die R\u00e4der f\u00fcr die M\u00fctter sind. Das ist eine tolle Erfahrung. Und die m\u00f6chte ich gerne wiederholen. Deshalb sammle ich anl\u00e4sslich meines 10-j\u00e4hrigen Autorinnen-Jubil\u00e4ums Spenden.<\/p>\n<p>Ich habe dazu eine Spendenseite eingerichtet:<\/p>\n<p><a href=\"https:\/\/www.meine-spendenaktion.de\/aktion\/erfolgsgeschichten-bartoli10\">https:\/\/www.meine-spendenaktion.de\/aktion\/erfolgsgeschichten-bartoli10<\/a><\/p>\n<p>Jede eingegangene Spende dort werde ich verdoppeln. Unser gemeinsames Ziel: 3000 Euro \u2013 also 1500 Euro von Euch und 1500 Euro von mir. Das schaffen wir! Ich freue mich, wenn Ihr mich bei diesem Vorhaben unterst\u00fctzt!<\/p>\n<p>&nbsp;<\/p>\n","protected":false},"excerpt":{"rendered":"<p>Gutes tun \u2013 aber wie? Das war die Frage, die mich schon w\u00e4hrend meiner Reise 2012 nach Mosambik besch\u00e4ftigte. Damals durfte ich als Preistr\u00e4gerin des SOS-Kinderliteraturpreises in das Land im s\u00fcdlichen Afrika reisen. Die Organisation &#8220;SOS Kinderd\u00f6rfer weltweit&#8221; hat dort nicht nur Kinderd\u00f6rfer errichtet, in denen Kinder ein neues Zuhause finden, wenn ihre Eltern entweder [&hellip;]<\/p>\n","protected":false},"author":1,"featured_media":258,"comment_status":"closed","ping_status":"closed","sticky":false,"template":"","format":"standard","meta":{"footnotes":""},"categories":[6,7],"tags":[],"class_list":["post-577","post","type-post","status-publish","format-standard","has-post-thumbnail","hentry","category-10-jahre-petra-bartoli-y-eckert","category-sos-kinderdoerfer"],"_links":{"self":[{"href":"https:\/\/petra-bartoli.de\/index.php\/wp-json\/wp\/v2\/posts\/577","targetHints":{"allow":["GET"]}}],"collection":[{"href":"https:\/\/petra-bartoli.de\/index.php\/wp-json\/wp\/v2\/posts"}],"about":[{"href":"https:\/\/petra-bartoli.de\/index.php\/wp-json\/wp\/v2\/types\/post"}],"author":[{"embeddable":true,"href":"https:\/\/petra-bartoli.de\/index.php\/wp-json\/wp\/v2\/users\/1"}],"replies":[{"embeddable":true,"href":"https:\/\/petra-bartoli.de\/index.php\/wp-json\/wp\/v2\/comments?post=577"}],"version-history":[{"count":5,"href":"https:\/\/petra-bartoli.de\/index.php\/wp-json\/wp\/v2\/posts\/577\/revisions"}],"predecessor-version":[{"id":721,"href":"https:\/\/petra-bartoli.de\/index.php\/wp-json\/wp\/v2\/posts\/577\/revisions\/721"}],"wp:featuredmedia":[{"embeddable":true,"href":"https:\/\/petra-bartoli.de\/index.php\/wp-json\/wp\/v2\/media\/258"}],"wp:attachment":[{"href":"https:\/\/petra-bartoli.de\/index.php\/wp-json\/wp\/v2\/media?parent=577"}],"wp:term":[{"taxonomy":"category","embeddable":true,"href":"https:\/\/petra-bartoli.de\/index.php\/wp-json\/wp\/v2\/categories?post=577"},{"taxonomy":"post_tag","embeddable":true,"href":"https:\/\/petra-bartoli.de\/index.php\/wp-json\/wp\/v2\/tags?post=577"}],"curies":[{"name":"wp","href":"https:\/\/api.w.org\/{rel}","templated":true}]}}