{"id":573,"date":"2018-10-07T10:30:39","date_gmt":"2018-10-07T08:30:39","guid":{"rendered":"http:\/\/petra-bartoli.de\/?p=573"},"modified":"2018-08-21T15:41:52","modified_gmt":"2018-08-21T13:41:52","slug":"was-fuer-ein-empfang","status":"publish","type":"post","link":"https:\/\/petra-bartoli.de\/index.php\/was-fuer-ein-empfang\/","title":{"rendered":"Was f\u00fcr ein Empfang!"},"content":{"rendered":"<p>Ich hatte Euch versprochen, ein bisschen \u00fcber meine Reise mit &#8220;<a href=\"https:\/\/www.sos-kinderdoerfer.de\/unsere-arbeit\/wo-wir-helfen\/afrika\/mosambik\">SOS-Kinderd\u00f6rfer weltweit<\/a>&#8221; nach Mosambik zu erz\u00e4hlen. Als wir \u2013 meine damals 14-j\u00e4hrige Tochter und ich \u2013 im Januar 2012 in Mosambik ankamen, waren wir von dem Empfang im Kinderdorf in Maputo \u00fcberw\u00e4ltigt. Wir durften im G\u00e4stehaus des Dorfes wohnen und wurden mit fantastischem Essen, gekocht von den SOS-Kinderdorf-M\u00fcttern, verw\u00f6hnt. Wir verbrachten einige Tage im SOS-Kinderdorf in der Hauptstadt Mosambiks. Als wir dann in den Norden weiterreisten, riss die Gastfreundschaft nicht ab. In Tete wurden wir von singenden Kindern willkommen gehei\u00dfen. In Chimoio hatte ich Zeit, mich lange mit einer der SOS-M\u00fctter zu unterhalten, w\u00e4hrend meine Tochter mit den Kindern des Dorfes beim Fu\u00dfballspielen war. In Inhambane \u00fcberreichte meine Tochter den gr\u00f6\u00dferen Kindern einige Basketb\u00e4lle, die sie von ihrer Basketball-Mannschaft von zu Hause als Geschenk dabei hatte. Die B\u00e4lle wurden nat\u00fcrlich auch sofort ausprobiert. Wir hatten so tolle Tage in Mosambik, dass ein Teil unseres Herzens dort geblieben ist.<\/p>\n<p>Ich bin immer noch unendlich dankbar f\u00fcr diese Erfahrung! Davon m\u00f6chte ich gerne etwas zur\u00fcckgeben. Deshalb sammle ich im Rahmen meines 10-j\u00e4hrigen Autorinnen-Jubil\u00e4ums Spenden f\u00fcr &#8220;SOS-Kinderd\u00f6rfer weltweit&#8221;.<\/p>\n<p>Dazu habe ich eine eigene Spendenseite eingerichtet:<\/p>\n<p><a href=\"https:\/\/www.meine-spendenaktion.de\/aktion\/erfolgsgeschichten-bartoli10\">https:\/\/www.meine-spendenaktion.de\/aktion\/erfolgsgeschichten-bartoli10<\/a><\/p>\n<p>Jede eingegangene Spende dort werde ich verdoppeln. Unser gemeinsames Ziel: 3000 Euro \u2013 also 1500 Euro von Euch und 1500 Euro von mir. Das schaffen wir! Ich freue mich, wenn Ihr mich bei diesem Vorhaben unterst\u00fctzt!<\/p>\n<p>&nbsp;<\/p>\n","protected":false},"excerpt":{"rendered":"<p>Ich hatte Euch versprochen, ein bisschen \u00fcber meine Reise mit &#8220;SOS-Kinderd\u00f6rfer weltweit&#8221; nach Mosambik zu erz\u00e4hlen. Als wir \u2013 meine damals 14-j\u00e4hrige Tochter und ich \u2013 im Januar 2012 in Mosambik ankamen, waren wir von dem Empfang im Kinderdorf in Maputo \u00fcberw\u00e4ltigt. Wir durften im G\u00e4stehaus des Dorfes wohnen und wurden mit fantastischem Essen, gekocht [&hellip;]<\/p>\n","protected":false},"author":1,"featured_media":697,"comment_status":"closed","ping_status":"closed","sticky":false,"template":"","format":"standard","meta":{"footnotes":""},"categories":[6,7],"tags":[],"class_list":["post-573","post","type-post","status-publish","format-standard","has-post-thumbnail","hentry","category-10-jahre-petra-bartoli-y-eckert","category-sos-kinderdoerfer"],"_links":{"self":[{"href":"https:\/\/petra-bartoli.de\/index.php\/wp-json\/wp\/v2\/posts\/573","targetHints":{"allow":["GET"]}}],"collection":[{"href":"https:\/\/petra-bartoli.de\/index.php\/wp-json\/wp\/v2\/posts"}],"about":[{"href":"https:\/\/petra-bartoli.de\/index.php\/wp-json\/wp\/v2\/types\/post"}],"author":[{"embeddable":true,"href":"https:\/\/petra-bartoli.de\/index.php\/wp-json\/wp\/v2\/users\/1"}],"replies":[{"embeddable":true,"href":"https:\/\/petra-bartoli.de\/index.php\/wp-json\/wp\/v2\/comments?post=573"}],"version-history":[{"count":5,"href":"https:\/\/petra-bartoli.de\/index.php\/wp-json\/wp\/v2\/posts\/573\/revisions"}],"predecessor-version":[{"id":718,"href":"https:\/\/petra-bartoli.de\/index.php\/wp-json\/wp\/v2\/posts\/573\/revisions\/718"}],"wp:featuredmedia":[{"embeddable":true,"href":"https:\/\/petra-bartoli.de\/index.php\/wp-json\/wp\/v2\/media\/697"}],"wp:attachment":[{"href":"https:\/\/petra-bartoli.de\/index.php\/wp-json\/wp\/v2\/media?parent=573"}],"wp:term":[{"taxonomy":"category","embeddable":true,"href":"https:\/\/petra-bartoli.de\/index.php\/wp-json\/wp\/v2\/categories?post=573"},{"taxonomy":"post_tag","embeddable":true,"href":"https:\/\/petra-bartoli.de\/index.php\/wp-json\/wp\/v2\/tags?post=573"}],"curies":[{"name":"wp","href":"https:\/\/api.w.org\/{rel}","templated":true}]}}