{"id":523,"date":"2018-09-20T15:39:56","date_gmt":"2018-09-20T13:39:56","guid":{"rendered":"http:\/\/petra-bartoli.de\/?p=523"},"modified":"2018-08-21T11:16:41","modified_gmt":"2018-08-21T09:16:41","slug":"dafuer-bin-ich-dankbar","status":"publish","type":"post","link":"https:\/\/petra-bartoli.de\/index.php\/dafuer-bin-ich-dankbar\/","title":{"rendered":"Daf\u00fcr bin ich dankbar!"},"content":{"rendered":"<p>Seit zehn Jahren bin ich nun Schriftstellerin. In dieser Zeit ist mir so viel Gutes widerfahren, wof\u00fcr ich sehr dankbar bin. Und das nicht nur als Schreibende, sondern auch als Mensch&#8230;<\/p>\n<ul>\n<li>Ich muss mir keine Sorgen um die ganz elementaren Dinge im Leben machen: Ich habe ausreichend davon.<\/li>\n<li>Ich habe Menschen um mich herum, die es gut mit mir meinen.<\/li>\n<li>Ich lebe in einer wundersch\u00f6nen Umgebung, die mich zum Schreiben inspiriert.<\/li>\n<li>Ich hatte im Laufe der vergangenen zehn Jahre viele Begegnungen mit Menschen, die mich ber\u00fchrt, gepr\u00e4gt und begeistert haben.<\/li>\n<li>Ich durfte in den vergangenen zehn Jahren viel reisen und Orte entdecken, die mich befl\u00fcgelt haben.<\/li>\n<\/ul>\n<p>Und weil das so ist, m\u00f6chte ich gerne meine Dankbarkeit nicht nur \u00e4u\u00dfern, sondern auch etwas weitergeben. Darum werde ich in den kommenden vier Wochen \u00fcber eine Zeit in meinem Schriftstellerinnen-Leben berichten, die mich nachhaltig beeindruckt hat: Meine Reise 2012 nach Mosambik und den Besuch von <a href=\"https:\/\/www.sos-kinderdoerfer.de\/unsere-arbeit\/wo-wir-helfen\/afrika\/mosambik\">SOS-Kinderd\u00f6rfern<\/a> dort im Land. Deshalb m\u00f6chte ich dieser Kinderhilfsorganisation Geld spenden. Und ich w\u00fcrde mich freuen, wenn Ihr mitmacht.<\/p>\n<p>Ich habe dazu eine eigene Spendenseite eingerichtet:<\/p>\n<p><a href=\"https:\/\/www.meine-spendenaktion.de\/aktion\/erfolgsgeschichten-bartoli10\">https:\/\/www.meine-spendenaktion.de\/aktion\/erfolgsgeschichten-bartoli10<\/a><\/p>\n<p>Jede eingegangene Spende dort werde ich verdoppeln. Unser gemeinsames Ziel: 3000 Euro \u2013 also 1500 Euro von Euch und 1500 Euro von mir. Das schaffen wir! Ich freue mich, wenn Ihr mich bei diesem Vorhaben unterst\u00fctzt!<\/p>\n<p>&nbsp;<\/p>\n","protected":false},"excerpt":{"rendered":"<p>Seit zehn Jahren bin ich nun Schriftstellerin. In dieser Zeit ist mir so viel Gutes widerfahren, wof\u00fcr ich sehr dankbar bin. Und das nicht nur als Schreibende, sondern auch als Mensch&#8230; Ich muss mir keine Sorgen um die ganz elementaren Dinge im Leben machen: Ich habe ausreichend davon. Ich habe Menschen um mich herum, die [&hellip;]<\/p>\n","protected":false},"author":1,"featured_media":298,"comment_status":"closed","ping_status":"closed","sticky":false,"template":"","format":"standard","meta":{"footnotes":""},"categories":[6,4],"tags":[],"class_list":["post-523","post","type-post","status-publish","format-standard","has-post-thumbnail","hentry","category-10-jahre-petra-bartoli-y-eckert","category-ueber-mich"],"_links":{"self":[{"href":"https:\/\/petra-bartoli.de\/index.php\/wp-json\/wp\/v2\/posts\/523","targetHints":{"allow":["GET"]}}],"collection":[{"href":"https:\/\/petra-bartoli.de\/index.php\/wp-json\/wp\/v2\/posts"}],"about":[{"href":"https:\/\/petra-bartoli.de\/index.php\/wp-json\/wp\/v2\/types\/post"}],"author":[{"embeddable":true,"href":"https:\/\/petra-bartoli.de\/index.php\/wp-json\/wp\/v2\/users\/1"}],"replies":[{"embeddable":true,"href":"https:\/\/petra-bartoli.de\/index.php\/wp-json\/wp\/v2\/comments?post=523"}],"version-history":[{"count":7,"href":"https:\/\/petra-bartoli.de\/index.php\/wp-json\/wp\/v2\/posts\/523\/revisions"}],"predecessor-version":[{"id":678,"href":"https:\/\/petra-bartoli.de\/index.php\/wp-json\/wp\/v2\/posts\/523\/revisions\/678"}],"wp:featuredmedia":[{"embeddable":true,"href":"https:\/\/petra-bartoli.de\/index.php\/wp-json\/wp\/v2\/media\/298"}],"wp:attachment":[{"href":"https:\/\/petra-bartoli.de\/index.php\/wp-json\/wp\/v2\/media?parent=523"}],"wp:term":[{"taxonomy":"category","embeddable":true,"href":"https:\/\/petra-bartoli.de\/index.php\/wp-json\/wp\/v2\/categories?post=523"},{"taxonomy":"post_tag","embeddable":true,"href":"https:\/\/petra-bartoli.de\/index.php\/wp-json\/wp\/v2\/tags?post=523"}],"curies":[{"name":"wp","href":"https:\/\/api.w.org\/{rel}","templated":true}]}}