{"id":511,"date":"2018-09-06T13:51:36","date_gmt":"2018-09-06T11:51:36","guid":{"rendered":"http:\/\/petra-bartoli.de\/?p=511"},"modified":"2022-11-01T09:42:47","modified_gmt":"2022-11-01T08:42:47","slug":"radiogeschichten-fuer-ohrenbaer-und-betthupferl-schreiben","status":"publish","type":"post","link":"https:\/\/petra-bartoli.de\/index.php\/radiogeschichten-fuer-ohrenbaer-und-betthupferl-schreiben\/","title":{"rendered":"Radiogeschichten: F\u00fcr Ohrenb\u00e4r und Betthupferl schreiben"},"content":{"rendered":"<p>Von mir gibt es auch was auf die Ohren! Denn ich schreibe nicht nur f\u00fcr Buchverlage. Von mir erscheinen auch immer wieder Radiogeschichten f\u00fcr Kinder. Das geh\u00f6rt auch zu den Highlights der vergangenen zehn Jahre.<\/p>\n<p>2008 lief meine erste Radiogeschichte in der Sendung\u00a0<a href=\"https:\/\/www.ohrenbaer.de\/wir\/autorinnen\/1000206.html\">Ohrenb\u00e4r\u00a0<\/a>beim Rundfunk Berlin Brandenburg (rbb): Lena und die Schrumpfwut. Mittlerweile waren von mir bei Ohrenb\u00e4r f\u00fcnf Geschichten mit unterschiedlich vielen Folgen zu h\u00f6ren. Die letzte Geschichte \u2013 Was Violetta Veilchenblau erfindet \u2013 lief Anfang M\u00e4rz dieses Jahr.\u00a0Auch f\u00fcr das <a href=\"https:\/\/www.br.de\/mediathek\/podcast\/betthupferl\/596\">Betthupferl<\/a> beim Bayrischen Rundfunk (br) habe ich mehrere Geschichten geschrieben.<\/p>\n<p>Die Herausforderung, Radiogeschichten zu schreiben, besteht darin, dass der Text genau die richtige L\u00e4nge haben, gut sprechbar und jede Folge aufeinander aufbauend und dennoch f\u00fcr sich alleine zu h\u00f6ren sein muss. Und dann braucht es nat\u00fcrlich auch noch die passende Idee f\u00fcr diese besonderen Geschichten. Das macht wirklich Arbeit. Aber es ist auch einfach megatoll, wenn man schlie\u00dflich die eigene Geschichte von gro\u00dfartigen Sprecher*innen und Schauspieler*innen vorgelesen bekommt!<\/p>\n","protected":false},"excerpt":{"rendered":"<p>Von mir gibt es auch was auf die Ohren! Denn ich schreibe nicht nur f\u00fcr Buchverlage. Von mir erscheinen auch immer wieder Radiogeschichten f\u00fcr Kinder. Das geh\u00f6rt auch zu den Highlights der vergangenen zehn Jahre. 2008 lief meine erste Radiogeschichte in der Sendung\u00a0Ohrenb\u00e4r\u00a0beim Rundfunk Berlin Brandenburg (rbb): Lena und die Schrumpfwut. Mittlerweile waren von mir [&hellip;]<\/p>\n","protected":false},"author":1,"featured_media":283,"comment_status":"closed","ping_status":"closed","sticky":false,"template":"","format":"standard","meta":{"footnotes":""},"categories":[8,4],"tags":[],"class_list":["post-511","post","type-post","status-publish","format-standard","has-post-thumbnail","hentry","category-schriftstellerinnen-alltag","category-ueber-mich"],"_links":{"self":[{"href":"https:\/\/petra-bartoli.de\/index.php\/wp-json\/wp\/v2\/posts\/511","targetHints":{"allow":["GET"]}}],"collection":[{"href":"https:\/\/petra-bartoli.de\/index.php\/wp-json\/wp\/v2\/posts"}],"about":[{"href":"https:\/\/petra-bartoli.de\/index.php\/wp-json\/wp\/v2\/types\/post"}],"author":[{"embeddable":true,"href":"https:\/\/petra-bartoli.de\/index.php\/wp-json\/wp\/v2\/users\/1"}],"replies":[{"embeddable":true,"href":"https:\/\/petra-bartoli.de\/index.php\/wp-json\/wp\/v2\/comments?post=511"}],"version-history":[{"count":4,"href":"https:\/\/petra-bartoli.de\/index.php\/wp-json\/wp\/v2\/posts\/511\/revisions"}],"predecessor-version":[{"id":938,"href":"https:\/\/petra-bartoli.de\/index.php\/wp-json\/wp\/v2\/posts\/511\/revisions\/938"}],"wp:featuredmedia":[{"embeddable":true,"href":"https:\/\/petra-bartoli.de\/index.php\/wp-json\/wp\/v2\/media\/283"}],"wp:attachment":[{"href":"https:\/\/petra-bartoli.de\/index.php\/wp-json\/wp\/v2\/media?parent=511"}],"wp:term":[{"taxonomy":"category","embeddable":true,"href":"https:\/\/petra-bartoli.de\/index.php\/wp-json\/wp\/v2\/categories?post=511"},{"taxonomy":"post_tag","embeddable":true,"href":"https:\/\/petra-bartoli.de\/index.php\/wp-json\/wp\/v2\/tags?post=511"}],"curies":[{"name":"wp","href":"https:\/\/api.w.org\/{rel}","templated":true}]}}