{"id":498,"date":"2018-08-23T11:54:47","date_gmt":"2018-08-23T09:54:47","guid":{"rendered":"http:\/\/petra-bartoli.de\/?p=498"},"modified":"2023-02-23T15:30:57","modified_gmt":"2023-02-23T14:30:57","slug":"wie-riecht-glueck","status":"publish","type":"post","link":"https:\/\/petra-bartoli.de\/index.php\/wie-riecht-glueck\/","title":{"rendered":"Wie riecht Gl\u00fcck?"},"content":{"rendered":"<p>Heute stelle ich Euch ein ganz und gar au\u00dfergew\u00f6hnliches Buch vor. Es ist nicht nur von mir, sondern auch von einer Mitautorin, die ich \u00fcber alles liebe: Meine Tochter. Das Buch, um das es geht, ist als Gemeinschaftswerk entstanden, beim Schenk Verlag erschienen und tr\u00e4gt den Titel &#8220;Gl\u00fcck riecht nach Hundefell&#8221;.<\/p>\n<p>Die Geschichte zur Geschichte: Als meine Tochter elf war, kamen gerade viele Menschen auf der Flucht im S\u00fcden Spaniens an. Meine Tochter verfolgte diese Situation in den Kindernachrichten interessiert und betroffen. Leider war das Ankommen der Menschen an der S\u00fcdk\u00fcste Spaniens oft ersch\u00fctternd und nicht immer wurden sie gut aufgenommen. Der Gro\u00dfvater meiner Tochter \u2013 mein Schwiegervater also \u2013 war Spanier und\u00a0 Franziska suchte das Gespr\u00e4ch mit ihm.<\/p>\n<p>Irgendwann sprach sie mich an: &#8220;Mama, ab wann k\u00f6nnen denn Kinder eigentlich B\u00fccher schreiben?&#8221; Und dann erz\u00e4hlte sie mir von ihrer Idee, eine Geschichte \u00fcber Fliehen und Ankommen zu schreiben, die gut ausgeht. Wir beschlossen, diese Geschichte gemeinsam anzugehen. Etwa acht Monate schrieben wir beide jeden Abend zusammen an der Geschichte weiter. So ist der Kinderroman &#8220;Gl\u00fcck riecht nach Hundefell&#8221; entstanden: Die 11-j\u00e4hrige Alice muss mit ihrer Mutter und ihren Br\u00fcdern ihr Heimatland Nigeria verlassen. Nach einer turbulenten Flucht landen sie in Spanien, versuchen dort Fu\u00df zu fassen, ihre \u00c4ngste in den Griff zu bekommen und ein neues Zuhause zu finden.<\/p>\n<p>Mittlerweile ist das Buch leider vergriffen. Aber als E-Book ist es noch erh\u00e4ltlich. Und: Es hat an Aktualit\u00e4t nicht verloren. Ein echtes Herzensprojekt des Mutter-Tochter-Autorinnen-Teams!<\/p>\n","protected":false},"excerpt":{"rendered":"<p>Heute stelle ich Euch ein ganz und gar au\u00dfergew\u00f6hnliches Buch vor. Es ist nicht nur von mir, sondern auch von einer Mitautorin, die ich \u00fcber alles liebe: Meine Tochter. Das Buch, um das es geht, ist als Gemeinschaftswerk entstanden, beim Schenk Verlag erschienen und tr\u00e4gt den Titel &#8220;Gl\u00fcck riecht nach Hundefell&#8221;. Die Geschichte zur Geschichte: [&hellip;]<\/p>\n","protected":false},"author":1,"featured_media":294,"comment_status":"closed","ping_status":"closed","sticky":false,"template":"","format":"standard","meta":{"footnotes":""},"categories":[8,4],"tags":[],"class_list":["post-498","post","type-post","status-publish","format-standard","has-post-thumbnail","hentry","category-schriftstellerinnen-alltag","category-ueber-mich"],"_links":{"self":[{"href":"https:\/\/petra-bartoli.de\/index.php\/wp-json\/wp\/v2\/posts\/498","targetHints":{"allow":["GET"]}}],"collection":[{"href":"https:\/\/petra-bartoli.de\/index.php\/wp-json\/wp\/v2\/posts"}],"about":[{"href":"https:\/\/petra-bartoli.de\/index.php\/wp-json\/wp\/v2\/types\/post"}],"author":[{"embeddable":true,"href":"https:\/\/petra-bartoli.de\/index.php\/wp-json\/wp\/v2\/users\/1"}],"replies":[{"embeddable":true,"href":"https:\/\/petra-bartoli.de\/index.php\/wp-json\/wp\/v2\/comments?post=498"}],"version-history":[{"count":4,"href":"https:\/\/petra-bartoli.de\/index.php\/wp-json\/wp\/v2\/posts\/498\/revisions"}],"predecessor-version":[{"id":970,"href":"https:\/\/petra-bartoli.de\/index.php\/wp-json\/wp\/v2\/posts\/498\/revisions\/970"}],"wp:featuredmedia":[{"embeddable":true,"href":"https:\/\/petra-bartoli.de\/index.php\/wp-json\/wp\/v2\/media\/294"}],"wp:attachment":[{"href":"https:\/\/petra-bartoli.de\/index.php\/wp-json\/wp\/v2\/media?parent=498"}],"wp:term":[{"taxonomy":"category","embeddable":true,"href":"https:\/\/petra-bartoli.de\/index.php\/wp-json\/wp\/v2\/categories?post=498"},{"taxonomy":"post_tag","embeddable":true,"href":"https:\/\/petra-bartoli.de\/index.php\/wp-json\/wp\/v2\/tags?post=498"}],"curies":[{"name":"wp","href":"https:\/\/api.w.org\/{rel}","templated":true}]}}