{"id":491,"date":"2018-08-19T11:37:43","date_gmt":"2018-08-19T09:37:43","guid":{"rendered":"http:\/\/petra-bartoli.de\/?p=491"},"modified":"2018-07-09T16:14:03","modified_gmt":"2018-07-09T14:14:03","slug":"wo-findet-man-ideen-fuer-eine-geschichte","status":"publish","type":"post","link":"https:\/\/petra-bartoli.de\/index.php\/wo-findet-man-ideen-fuer-eine-geschichte\/","title":{"rendered":"Die Ideen liegen auf der Stra\u00dfe&#8230;"},"content":{"rendered":"<p>In den vergangenen Wochen konntet Ihr zehn meiner B\u00fccher gewinnen. Ich habe daf\u00fcr die B\u00fccher ausgew\u00e4hlt, die f\u00fcr mich etwas Besonderes sind. Von mir erschienen sind \u2013 wenn man p\u00e4dagogische Fachb\u00fccher und Unterrichtsmaterialien dazuz\u00e4hlt \u2013 mittlerweile rund 50 B\u00fccher. Das ist eine ganze Menge f\u00fcr ein zehn Jahre altes Autorinnenleben \ud83d\ude42<\/p>\n<p>&#8220;Und wie kommst du so auf die Ideen f\u00fcr deine B\u00fccher?&#8221;, werde ich immer wieder gefragt. Ganz einfach: Die Ideen kommen zu mir. Gut, sie liegen nicht unbedingt auf der Stra\u00dfe, wie der Blogtitel behauptet. Aber sie sind irgendwie immer und \u00fcberall. Ich liste Euch hier mal auf, in welchen Situationen oder an welchen Orten ich bisher die besten Ideen f\u00fcr meine Geschichten gefunden habe: Ideen fliegen mir zu&#8230;<\/p>\n<ol>\n<li>wenn ich frei habe, die Seele baumeln lassen kann und einfach mal so vor mich hingucke&#8230;<\/li>\n<li>beim genauen Zuh\u00f6ren \u2013 besonders Gespr\u00e4che unter Kindern sind hier \u00e4u\u00dferst inspirierend!<\/li>\n<li>auf Reisen. Denn dann ist mein Gehirn auf &#8220;Empfang&#8221; programmiert und fremde Umgebungen, Ger\u00e4usche oder Ger\u00fcche befeuern meine Phantasieregion hier enorm.<\/li>\n<li>in Gespr\u00e4chen. Denn w\u00e4hrend des Redens und Zuh\u00f6rens tun sich bei mir immer wieder neue T\u00fcren auf und dahinter finden sich h\u00e4ufig neue Geschichten.<\/li>\n<li>beim Laufen. Seit vier Jahren gehe ich joggen. Dabei bekomme ich nicht nur den Kopf frei, sondern meiner Phantasie wachsen Fl\u00fcgel.<\/li>\n<li>im Caf\u00e9. Oder auf der Parkbank. Oder im Zug. Also \u00fcberall, wo ich Leute beobachten kann. Ich male mir dann aus, woher sie kommen, was sie vorhaben, wie sie leben&#8230;<\/li>\n<li>kurz vor dem Einschlafen. Deshalb habe ich auch Block und Stift neben meinem Bett liegen.<\/li>\n<li>beim Lesen. Ja, Autor*innen schreiben nicht nur, sondern lesen auch \ud83d\ude42 Wenn ich in eine andere Geschichte eintauche, springt mich gelegentlich auch eine Idee f\u00fcr eine ganz andere Geschichte an.<\/li>\n<li>beim Kritzeln. Das ist so eine Marotte. Wenn ich scheinbar sinnlos auf einem Blatt Papier herumkritzle, springt mich manchmal ein Einfall an.<\/li>\n<li>wenn ich meditiere. Also eigentlich erst danach. Aber es hilft, immer wieder seinen Kopf frei zu bekommen und das Gedankenkarussell, das sich ewig um innere To-do-Listen dreht, zwischendurch mal anzuhalten.<\/li>\n<\/ol>\n<p>Wann seid Ihr denn besonders kreativ?<\/p>\n","protected":false},"excerpt":{"rendered":"<p>In den vergangenen Wochen konntet Ihr zehn meiner B\u00fccher gewinnen. Ich habe daf\u00fcr die B\u00fccher ausgew\u00e4hlt, die f\u00fcr mich etwas Besonderes sind. Von mir erschienen sind \u2013 wenn man p\u00e4dagogische Fachb\u00fccher und Unterrichtsmaterialien dazuz\u00e4hlt \u2013 mittlerweile rund 50 B\u00fccher. Das ist eine ganze Menge f\u00fcr ein zehn Jahre altes Autorinnenleben \ud83d\ude42 &#8220;Und wie kommst du [&hellip;]<\/p>\n","protected":false},"author":1,"featured_media":299,"comment_status":"closed","ping_status":"closed","sticky":false,"template":"","format":"standard","meta":{"footnotes":""},"categories":[8,4],"tags":[],"class_list":["post-491","post","type-post","status-publish","format-standard","has-post-thumbnail","hentry","category-schriftstellerinnen-alltag","category-ueber-mich"],"_links":{"self":[{"href":"https:\/\/petra-bartoli.de\/index.php\/wp-json\/wp\/v2\/posts\/491","targetHints":{"allow":["GET"]}}],"collection":[{"href":"https:\/\/petra-bartoli.de\/index.php\/wp-json\/wp\/v2\/posts"}],"about":[{"href":"https:\/\/petra-bartoli.de\/index.php\/wp-json\/wp\/v2\/types\/post"}],"author":[{"embeddable":true,"href":"https:\/\/petra-bartoli.de\/index.php\/wp-json\/wp\/v2\/users\/1"}],"replies":[{"embeddable":true,"href":"https:\/\/petra-bartoli.de\/index.php\/wp-json\/wp\/v2\/comments?post=491"}],"version-history":[{"count":6,"href":"https:\/\/petra-bartoli.de\/index.php\/wp-json\/wp\/v2\/posts\/491\/revisions"}],"predecessor-version":[{"id":676,"href":"https:\/\/petra-bartoli.de\/index.php\/wp-json\/wp\/v2\/posts\/491\/revisions\/676"}],"wp:featuredmedia":[{"embeddable":true,"href":"https:\/\/petra-bartoli.de\/index.php\/wp-json\/wp\/v2\/media\/299"}],"wp:attachment":[{"href":"https:\/\/petra-bartoli.de\/index.php\/wp-json\/wp\/v2\/media?parent=491"}],"wp:term":[{"taxonomy":"category","embeddable":true,"href":"https:\/\/petra-bartoli.de\/index.php\/wp-json\/wp\/v2\/categories?post=491"},{"taxonomy":"post_tag","embeddable":true,"href":"https:\/\/petra-bartoli.de\/index.php\/wp-json\/wp\/v2\/tags?post=491"}],"curies":[{"name":"wp","href":"https:\/\/api.w.org\/{rel}","templated":true}]}}