{"id":313,"date":"2018-04-26T11:26:46","date_gmt":"2018-04-26T09:26:46","guid":{"rendered":"http:\/\/petra-bartoli.de\/?p=313"},"modified":"2018-05-14T12:55:56","modified_gmt":"2018-05-14T10:55:56","slug":"mein-leben-vor-dem-schreiben-was-mit-kindern","status":"publish","type":"post","link":"https:\/\/petra-bartoli.de\/index.php\/mein-leben-vor-dem-schreiben-was-mit-kindern\/","title":{"rendered":"Mein Leben vor dem Schreiben: Was mit Kindern&#8230;"},"content":{"rendered":"<p>Bevor ich Schriftstellerin wurde, hatte ich einen wirklich gro\u00dfartigen Beruf: Ich arbeitete als Sozialp\u00e4dagogin mit verhaltensoriginellen Kindern und Jugendlichen. Diese Arbeit hat mich erf\u00fcllt. Gut, gestresst, genervt, zu Schwei\u00dfausbr\u00fcchen getrieben und ersch\u00f6pft hat sie mich manchmal auch. Da findet sich sicherlich jede und jeder von Euch wieder, wenn sie oder er an seine Arbeit denkt. Aber ich habe die Arbeit mit Kindern und Jugendlichen \u2013 gerade mit denen, die nicht immer auf der Sonnenseite des Leben standen \u2013 mit vollem Einsatz und Begeisterung gemacht.<\/p>\n<p>In den ersten Berufsjahren war ich in einer station\u00e4ren Heimgruppe, in der neun Kinder und Jugendliche lebten. Das war eine unglaublich intensive Zeit. Dann habe ich einzelne Jugendliche bei ihrer Verselbst\u00e4ndigung begleitet. Hier war ich dann mehr Einzelk\u00e4mpferin, was nicht immer einfach war. Was f\u00fcr ein Gl\u00fcck, dass ich f\u00fcr R\u00fcckfragen, bei Ratlosigkeit und Frust ein tolles Team an meiner Seite hatte.<\/p>\n<p>Obwohl ich so gerne in meinem Beruf gearbeitet habe, kam irgendwann der Zeitpunkt, eine Entscheidung zu treffen. Wie es dazu kam und welche Konsequenzen die hatte, k\u00f6nnt Ihr in den folgenden Beitr\u00e4gen lesen. Ich freue mich, wenn Ihr dran bleibt.<\/p>\n<p>&nbsp;<\/p>\n","protected":false},"excerpt":{"rendered":"<p>Bevor ich Schriftstellerin wurde, hatte ich einen wirklich gro\u00dfartigen Beruf: Ich arbeitete als Sozialp\u00e4dagogin mit verhaltensoriginellen Kindern und Jugendlichen. Diese Arbeit hat mich erf\u00fcllt. Gut, gestresst, genervt, zu Schwei\u00dfausbr\u00fcchen getrieben und ersch\u00f6pft hat sie mich manchmal auch. Da findet sich sicherlich jede und jeder von Euch wieder, wenn sie oder er an seine Arbeit denkt. [&hellip;]<\/p>\n","protected":false},"author":1,"featured_media":307,"comment_status":"closed","ping_status":"closed","sticky":false,"template":"","format":"standard","meta":{"footnotes":""},"categories":[4],"tags":[],"class_list":["post-313","post","type-post","status-publish","format-standard","has-post-thumbnail","hentry","category-ueber-mich"],"_links":{"self":[{"href":"https:\/\/petra-bartoli.de\/index.php\/wp-json\/wp\/v2\/posts\/313","targetHints":{"allow":["GET"]}}],"collection":[{"href":"https:\/\/petra-bartoli.de\/index.php\/wp-json\/wp\/v2\/posts"}],"about":[{"href":"https:\/\/petra-bartoli.de\/index.php\/wp-json\/wp\/v2\/types\/post"}],"author":[{"embeddable":true,"href":"https:\/\/petra-bartoli.de\/index.php\/wp-json\/wp\/v2\/users\/1"}],"replies":[{"embeddable":true,"href":"https:\/\/petra-bartoli.de\/index.php\/wp-json\/wp\/v2\/comments?post=313"}],"version-history":[{"count":1,"href":"https:\/\/petra-bartoli.de\/index.php\/wp-json\/wp\/v2\/posts\/313\/revisions"}],"predecessor-version":[{"id":314,"href":"https:\/\/petra-bartoli.de\/index.php\/wp-json\/wp\/v2\/posts\/313\/revisions\/314"}],"wp:featuredmedia":[{"embeddable":true,"href":"https:\/\/petra-bartoli.de\/index.php\/wp-json\/wp\/v2\/media\/307"}],"wp:attachment":[{"href":"https:\/\/petra-bartoli.de\/index.php\/wp-json\/wp\/v2\/media?parent=313"}],"wp:term":[{"taxonomy":"category","embeddable":true,"href":"https:\/\/petra-bartoli.de\/index.php\/wp-json\/wp\/v2\/categories?post=313"},{"taxonomy":"post_tag","embeddable":true,"href":"https:\/\/petra-bartoli.de\/index.php\/wp-json\/wp\/v2\/tags?post=313"}],"curies":[{"name":"wp","href":"https:\/\/api.w.org\/{rel}","templated":true}]}}